{"id":817,"date":"2020-04-15T08:00:47","date_gmt":"2020-04-15T06:00:47","guid":{"rendered":"https:\/\/fogpotlasklinika.hu\/de\/?p=817"},"modified":"2020-04-09T00:06:12","modified_gmt":"2020-04-08T22:06:12","slug":"foghiany-kovetkezmenyei-2","status":"publish","type":"post","link":"https:\/\/fogpotlasklinika.hu\/de\/blog\/foghiany-kovetkezmenyei-2\/","title":{"rendered":"Foghi\u00e1ny k\u00f6vetkezm\u00e9nyei 2."},"content":{"rendered":"<p>Kedves Olvas\u00f3m!<\/p>\n<p>Folytatom a\u00a0<a href=\"https:\/\/fogpotlasklinika.hu\/de\/szolgaltatasok\/fogbeultetes\/foghiany-kovetkezmenyei\/\">foghi\u00e1nyok k\u00f6vetkezm\u00e9nyeinek&gt;<\/a>\u00a0alapos kifejt\u00e9s\u00e9t. Az el\u0151z\u0151 r\u00e9szben le\u00edrt elv\u00e1ltoz\u00e1sok csak a sz\u00e1j\u00fcregre vonatkoztak, \u00e9s m\u00e1r egy fog hi\u00e1ny\u00e1nal fell\u00e9pnek.<\/p>\n<p>Al\u00e1bbi t\u00f6rt\u00e9n\u00e9sek ink\u00e1bb t\u00f6bb fog hi\u00e1nya eset\u00e9n jelentkeznek, egy fog hi\u00e1nyakor csak m\u00e9rs\u00e9kelten. Viszont sz\u00e1j\u00fcregen k\u00edv\u00fcli k\u00f6vetkezm\u00e9nyeket okoznak.<\/p>\n<p>\u00cdme m\u00faltkori CT-nk. Az izom tapad\u00e1si ter\u00fcleteit (<span style=\"color: #ff0000;\">als\u00f3 \u00e9s fels\u0151 v\u00edzszintes vonalak<\/span>), azaz az als\u00f3 \u00e9s fels\u0151 \u00e1llcsontot a r\u00e1g\u00f3fogak tartj\u00e1k egym\u00e1st\u00f3l megfelel\u0151 t\u00e1vols\u00e1gban. Mi\u00e1ltal\u00a0az izom ide\u00e1lis hossz\u00e1t (<span style=\"color: #ff0000;\">f\u00fcgg\u0151leges piros vonalak<\/span>\u00a0az izomrostokat jel\u00f6lik) a r\u00e1g\u00f3fogak biztos\u00edtj\u00e1k.<\/p>\n<p>Ha hi\u00e1nyoznak h\u00e1ts\u00f3 r\u00e1g\u00f3fogak, nincs ami a megfelel\u0151 t\u00e1vols\u00e1gban tartsa egym\u00e1st\u00f3l a k\u00e9t csontot. Ha pedig foghi\u00e1ny miatt el\u0151red\u0151l (<span style=\"color: #ffcc00;\">ny\u00edl<\/span>) egy nagy\u0151rl\u0151fog, m\u00e1r az sem fogja biztos\u00edtani az ide\u00e1lis t\u00e1vols\u00e1g\u00e1t az als\u00f3 \u00e9s fels\u0151 \u00e1llcsontnak. A k\u00e9t \u00e1llcsont a h\u00e1ts\u00f3 r\u00e9szen k\u00f6zelebb ker\u00fcl egym\u00e1shoz ( <span style=\"color: #3366ff;\">ny\u00edl<\/span> ), az izom megr\u00f6vid\u00fcl.<\/p>\n<p><img loading=\"lazy\" decoding=\"async\" class=\"aligncenter size-full wp-image-819\" src=\"https:\/\/fogpotlasklinika.hu\/de\/wp-content\/uploads\/sites\/4\/2020\/04\/ct-xdfshb.jpg\" alt=\"\" width=\"972\" height=\"512\" srcset=\"https:\/\/fogpotlasklinika.hu\/de\/wp-content\/uploads\/sites\/4\/2020\/04\/ct-xdfshb.jpg 972w, https:\/\/fogpotlasklinika.hu\/de\/wp-content\/uploads\/sites\/4\/2020\/04\/ct-xdfshb-400x211.jpg 400w, https:\/\/fogpotlasklinika.hu\/de\/wp-content\/uploads\/sites\/4\/2020\/04\/ct-xdfshb-768x405.jpg 768w\" sizes=\"auto, (max-width: 972px) 100vw, 972px\" \/><\/p>\n<p>Az als\u00f3 \u00e1llcsont az \u00e1llkapocs \u00edz\u00fclettel (<em>TMJ<\/em>) csatlakozik a kopony\u00e1hoz. Az \u00edz\u00fcletben egy, a gerinc porckorongjaihoz hasonl\u00f3 porckorong van (<em>disc<\/em>), mely az \u00e1llkapocs \u00edz\u00fcleti fejecse (alul) \u00e9s a koponya \u00edz\u00fcleti v\u00e1p\u00e1ja (fel\u00fcl) k\u00f6z\u00f6tt helyezkedik el. Ha k\u00f6zelebb ker\u00fcl a k\u00e9t \u00e1llcsont egym\u00e1shoz, &#8211; mert a r\u00e1g\u00f3fogak nem tartj\u00e1k megfelel\u0151 t\u00e1vol egym\u00e1st\u00f3l azokat, &#8211; a porckorong elv\u00e9konyodik, kilyukad, kiugr\u00e1l (kattog\u00f3 \u00e1llkapocs!), vagy felsz\u00edv\u00f3dhat. Ezt h\u00edvjuk kompresszi\u00f3s \u00edz\u00fcletnek. A kompresszi\u00f3s \u00edz\u00fclet a megr\u00f6vid\u00fclt izomzattal gyakran \u00e9jszakai fogszor\u00edt\u00e1st, fogcsikorgat\u00e1st v\u00e1lt ki (<em>bruxizmus<\/em>). Egy \u00e9jszaka alatt ak\u00e1r t\u00edz \u00e9vnyi r\u00e1g\u00f3terhel\u00e9s \u00e9ri a megmaradt fogazatot.<\/p>\n<p><img loading=\"lazy\" decoding=\"async\" class=\"aligncenter size-full wp-image-820\" src=\"https:\/\/fogpotlasklinika.hu\/de\/wp-content\/uploads\/sites\/4\/2020\/04\/tmj-347qso.jpg\" alt=\"\" width=\"399\" height=\"513\" srcset=\"https:\/\/fogpotlasklinika.hu\/de\/wp-content\/uploads\/sites\/4\/2020\/04\/tmj-347qso.jpg 399w, https:\/\/fogpotlasklinika.hu\/de\/wp-content\/uploads\/sites\/4\/2020\/04\/tmj-347qso-311x400.jpg 311w\" sizes=\"auto, (max-width: 399px) 100vw, 399px\" \/><\/p>\n<ul>\n<li>A csontok \u00e9s izmok egy finoman m\u0171k\u00f6d\u0151, akt\u00edv v\u00e1zszerkezet. Azaz, ha megv\u00e1ltoznak az izomer\u0151k, a mozdulatok, az a csontozatban \u00e1t\u00e9p\u00fcl\u00e9st eredm\u00e9nyez: az \u00e1llkapocs-sz\u00f6g (<span style=\"color: #ff0000;\">alfa<\/span>\u00a0sz\u00f6g)\u00a0megn\u0151, azaz az \u00e1llkapocs &#8220;laposabb\u00e1&#8221; v\u00e1lik.<\/li>\n<li>Az \u00e1llkapocs\u00edz\u00fcleti \u00fan. fejecsp\u00e1lya (<span style=\"color: #3366ff;\">als\u00f3 k\u00e9k<\/span>\u00a0vonal) &#8211; melyen sz\u00e1jnyit\u00e1sn\u00e1l el\u0151recs\u00faszik az \u00e1llkapocs fejecse, &#8211;\u00a0d\u0151l\u00e9ssz\u00f6ge cs\u00f6kken, als\u00f3 r\u00e9sze feljebb ker\u00fcl (<span style=\"color: #3366ff;\">ny\u00edl<\/span>), \u00edgy v\u00edzszintesebb lesz. Megv\u00e1ltozik az \u00edz\u00fclet m\u0171k\u00f6d\u00e9se.<\/li>\n<li>A foghi\u00e1ny miatt a megmaradt fogaknak nem csak hogy az eredeti r\u00e1g\u00f3er\u0151vel kell megbirk\u00f3zniuk, hanem a bruxizmus miatt egy megn\u00f6vekedett r\u00e1g\u00f3terhel\u00e9st kell &#8220;elviselni\u00fck&#8221;: a megmaradt fogazat szinte mindig er\u0151sen kopik. Az als\u00f3 frontfogak be-, a fels\u0151k gyakran kid\u0151lnek. L\u00e9trej\u00f6n, vagy fokoz\u00f3dik a m\u00e9lyharap\u00e1s &#8211; imm\u00e1r a frontr\u00e9szen is k\u00f6zelebb ker\u00fcl a k\u00e9t csont.<\/li>\n<li>Mivel a szervezet egy \u00f6sszef\u00fcgg\u0151, finomhangolt &#8220;szerkezet&#8221;, a\u00a0 r\u00e1g\u00f3szervt\u0151l t\u00e1volodva, k\u00f6zvetve t\u00e1volabbi izmok m\u0171k\u00f6d\u00e9s\u00e9re is kihathat a r\u00e1g\u00f3izmok \u00e9s r\u00e1g\u00f3\u00edz\u00fclet rendellenes m\u0171k\u00f6d\u00e9se. Nyak-, v\u00e1ll- \u00e9s h\u00e1tf\u00e1j\u00e1st, migr\u00e9nt okozhat.<\/li>\n<li>A sz\u00e1jban soha nincs l\u00e9g\u00fcres t\u00e9r. A foghi\u00e1nyt id\u0151vel kit\u00f6lti, belen\u0151 a nyelv \u00e9s az orca megvastagodik, vagy \u00e9pp beesik. T\u00f6bb fog hi\u00e1nya eset\u00e9n, &#8211; teljes fogatlans\u00e1gn\u00e1l jelent\u0151s m\u00e9rt\u00e9kben &#8211; megn\u0151 a nyelv, orca beesik. Fogp\u00f3tl\u00e1s ut\u00e1n p\u00e1r h\u00f3nap alatt a nyelv k\u00e9pes ism\u00e9t \u00f6sszeh\u00faz\u00f3dni, eredeti m\u00e9ret\u00e9re &#8220;zsugorodni&#8221;.<\/li>\n<\/ul>\n<p>Fent le\u00edrtak minden elhanyagolt, t\u00f6bb foghi\u00e1nnyal b\u00edr\u00f3 egy\u00e9nn\u00e9l valamilyen m\u00e9rt\u00e9kben megjelennek. Probl\u00e9m\u00e1t nem felt\u00e9tlen\u00fcl \u00e9rzi hogy okoz&#8230; vagy esz\u00e9be sem jut, hogy ez okozhat pl. egy h\u00e1tf\u00e1j\u00e1st. Mindennek 3 fontos \u00fczenete van:<\/p>\n<ol>\n<li>CSAK a fogelt\u00e1vol\u00edt\u00e1s ut\u00e1ni 3, max. 6 h\u00f3napban elv\u00e9gzett implant\u00e1ci\u00f3 akad\u00e1lyozza meg fenti t\u00fcnetegy\u00fcttes kialakul\u00e1s\u00e1t.<\/li>\n<li>A legide\u00e1lisabb, ha kivitelezhet\u0151, a fogh\u00faz\u00e1skori azonnali implant\u00e1ci\u00f3. Csak ez k\u00e9pes meg\u0151rizni legt\u00f6k\u00e9letesebben az eredeti \u00e1llapotokat.<\/li>\n<li>Fenti probl\u00e9m\u00e1k t\u00f6bbnyire visszaford\u00edthatatlanok. A fogp\u00f3tl\u00e1ssal legink\u00e1bb megakad\u00e1lyozzuk a tov\u00e1bbi roml\u00e1st. Az eredeti \u00e1llapot minden r\u00e9szlet\u00e9re kiterjed\u0151en NEM \u00c1LL\u00cdTHAT\u00d3 VISSZA. M\u00e1r sohasem.<\/li>\n<\/ol>\n","protected":false},"excerpt":{"rendered":"<p>Kedves Olvas\u00f3m! Folytatom a\u00a0foghi\u00e1nyok k\u00f6vetkezm\u00e9nyeinek&gt;\u00a0alapos kifejt\u00e9s\u00e9t. Az el\u0151z\u0151 r\u00e9szben le\u00edrt elv\u00e1ltoz\u00e1sok csak a sz\u00e1j\u00fcregre vonatkoztak, \u00e9s m\u00e1r egy fog hi\u00e1ny\u00e1nal [&hellip;]<\/p>\n","protected":false},"author":1,"featured_media":820,"comment_status":"closed","ping_status":"closed","sticky":false,"template":"","format":"standard","meta":{"_acf_changed":false,"footnotes":""},"categories":[1],"tags":[],"class_list":["post-817","post","type-post","status-publish","format-standard","has-post-thumbnail","hentry","category-uncategorized"],"acf":[],"_links":{"self":[{"href":"https:\/\/fogpotlasklinika.hu\/de\/wp-json\/wp\/v2\/posts\/817","targetHints":{"allow":["GET"]}}],"collection":[{"href":"https:\/\/fogpotlasklinika.hu\/de\/wp-json\/wp\/v2\/posts"}],"about":[{"href":"https:\/\/fogpotlasklinika.hu\/de\/wp-json\/wp\/v2\/types\/post"}],"author":[{"embeddable":true,"href":"https:\/\/fogpotlasklinika.hu\/de\/wp-json\/wp\/v2\/users\/1"}],"replies":[{"embeddable":true,"href":"https:\/\/fogpotlasklinika.hu\/de\/wp-json\/wp\/v2\/comments?post=817"}],"version-history":[{"count":2,"href":"https:\/\/fogpotlasklinika.hu\/de\/wp-json\/wp\/v2\/posts\/817\/revisions"}],"predecessor-version":[{"id":821,"href":"https:\/\/fogpotlasklinika.hu\/de\/wp-json\/wp\/v2\/posts\/817\/revisions\/821"}],"wp:featuredmedia":[{"embeddable":true,"href":"https:\/\/fogpotlasklinika.hu\/de\/wp-json\/wp\/v2\/media\/820"}],"wp:attachment":[{"href":"https:\/\/fogpotlasklinika.hu\/de\/wp-json\/wp\/v2\/media?parent=817"}],"wp:term":[{"taxonomy":"category","embeddable":true,"href":"https:\/\/fogpotlasklinika.hu\/de\/wp-json\/wp\/v2\/categories?post=817"},{"taxonomy":"post_tag","embeddable":true,"href":"https:\/\/fogpotlasklinika.hu\/de\/wp-json\/wp\/v2\/tags?post=817"}],"curies":[{"name":"wp","href":"https:\/\/api.w.org\/{rel}","templated":true}]}}